{"id":9399,"date":"2023-01-11T18:00:00","date_gmt":"2023-01-11T17:00:00","guid":{"rendered":"http:\/\/apo33.org\/?p=9399"},"modified":"2023-01-12T16:28:32","modified_gmt":"2023-01-12T15:28:32","slug":"residency-and-presentation-extra-dimensions","status":"publish","type":"post","link":"https:\/\/apo33.org\/?p=9399","title":{"rendered":"Residency and presentation: EXTRA DIMENSIONS"},"content":{"rendered":"\n<p>Research residency on sound spatialization and virtual reality.<\/p>\n\n\n\n<p>Fr\u00e9d\u00e9ric Villeneuve S\u00e9guier, Loth Valat, Thomas Bigot<\/p>\n\n\n\n<p>Presentation of the sound spatialization device JLFSPAT<\/p>\n\n\n\n<p>Meeting with the artists in residence and small aperitif offered on Wednesday, January 11th at 6pm &#8211; Plateforme Interm\u00e9dia, 4 boulevard L\u00e9on Bureau 44200 Nantes<\/p>\n\n\n\n<p>Presentation of the extra dimensional project :<\/p>\n\n\n\n<p>The intention at the heart of this installation is to question the notions of perception and representation of the world. As a tribute to cosmology and particle physics, in particular to extra-dimensional models (Kaluza Klein, string theory), EXTRA DIMENSIONS immerses the public in a multidimensional space-time (N &gt; 4), in which evolve, not matter and energy, but agents with visual and sound properties.<\/p>\n\n\n\n<figure class=\"wp-block-image size-large\"><img loading=\"lazy\" width=\"700\" height=\"526\" src=\"http:\/\/apo33.org\/wp-content\/uploads\/2023\/01\/extradimensions-5-1-700x526.jpg\" alt=\"\" class=\"wp-image-9401\" srcset=\"https:\/\/apo33.org\/wp-content\/uploads\/2023\/01\/extradimensions-5-1-700x526.jpg 700w, https:\/\/apo33.org\/wp-content\/uploads\/2023\/01\/extradimensions-5-1-300x225.jpg 300w, https:\/\/apo33.org\/wp-content\/uploads\/2023\/01\/extradimensions-5-1-150x113.jpg 150w, https:\/\/apo33.org\/wp-content\/uploads\/2023\/01\/extradimensions-5-1-1536x1154.jpg 1536w, https:\/\/apo33.org\/wp-content\/uploads\/2023\/01\/extradimensions-5-1.jpg 1800w\" sizes=\"(max-width: 700px) 100vw, 700px\" \/><\/figure>\n\n\n\n<p>Within the virtual reality device, the public is immersed in a dynamic universe in 4 dimensions of space-time.<\/p>\n\n\n\n<p>A physical sound spatialization system surrounds the area where the spectator evolves and generates an immersive sound environment. The public sees its two senses, visual and auditory, stimulated by information coming from two different space-time.<\/p>\n","protected":false},"excerpt":{"rendered":"<p>Research residency on sound spatialization and virtual reality. Fr\u00e9d\u00e9ric Villeneuve S\u00e9guier, Loth Valat, Thomas Bigot Presentation of the sound spatialization device JLFSPAT Meeting with the<a class=\"moretag\" href=\"https:\/\/apo33.org\/?p=9399\"> <span class=\"dashicons dashicons-plus\"><\/span><span class=\"dashicons dashicons-plus\"><\/span> <\/a><\/p>\n","protected":false},"author":1,"featured_media":9400,"comment_status":"closed","ping_status":"open","sticky":false,"template":"","format":"standard","meta":{"_links_to":"","_links_to_target":""},"categories":[],"tags":[],"_links":{"self":[{"href":"https:\/\/apo33.org\/index.php?rest_route=\/wp\/v2\/posts\/9399"}],"collection":[{"href":"https:\/\/apo33.org\/index.php?rest_route=\/wp\/v2\/posts"}],"about":[{"href":"https:\/\/apo33.org\/index.php?rest_route=\/wp\/v2\/types\/post"}],"author":[{"embeddable":true,"href":"https:\/\/apo33.org\/index.php?rest_route=\/wp\/v2\/users\/1"}],"replies":[{"embeddable":true,"href":"https:\/\/apo33.org\/index.php?rest_route=%2Fwp%2Fv2%2Fcomments&post=9399"}],"version-history":[{"count":2,"href":"https:\/\/apo33.org\/index.php?rest_route=\/wp\/v2\/posts\/9399\/revisions"}],"predecessor-version":[{"id":9403,"href":"https:\/\/apo33.org\/index.php?rest_route=\/wp\/v2\/posts\/9399\/revisions\/9403"}],"wp:featuredmedia":[{"embeddable":true,"href":"https:\/\/apo33.org\/index.php?rest_route=\/wp\/v2\/media\/9400"}],"wp:attachment":[{"href":"https:\/\/apo33.org\/index.php?rest_route=%2Fwp%2Fv2%2Fmedia&parent=9399"}],"wp:term":[{"taxonomy":"category","embeddable":true,"href":"https:\/\/apo33.org\/index.php?rest_route=%2Fwp%2Fv2%2Fcategories&post=9399"},{"taxonomy":"post_tag","embeddable":true,"href":"https:\/\/apo33.org\/index.php?rest_route=%2Fwp%2Fv2%2Ftags&post=9399"}],"curies":[{"name":"wp","href":"https:\/\/api.w.org\/{rel}","templated":true}]}}