{"id":4439,"date":"2019-06-28T18:30:54","date_gmt":"2019-06-28T18:30:54","guid":{"rendered":"http:\/\/apo33.org\/?p=4439"},"modified":"2019-04-08T11:32:15","modified_gmt":"2019-04-08T11:32:15","slug":"exposition-de-lete-carte-blanche-christina-kubisch","status":"publish","type":"post","link":"https:\/\/apo33.org\/?p=4439","title":{"rendered":"Exposition de l&#8217;\u00e9t\u00e9 &#8211; Carte Blanche &#8211; Christina Kubisch"},"content":{"rendered":"<h2 style=\"text-align: center;\"><span style=\"text-decoration: underline;\">Du 28 juin au au 31 ao\u00fbt 2019<\/span><\/h2>\n<h1 style=\"text-align: center;\"><span data-sheets-value=\"{&quot;1&quot;:2,&quot;2&quot;:&quot;Exposition de l'\u00e9t\u00e9 - Carte Blanche - Christina Kubisch&quot;}\" data-sheets-userformat=\"{&quot;2&quot;:33586113,&quot;3&quot;:{&quot;1&quot;:0},&quot;9&quot;:1,&quot;10&quot;:1,&quot;11&quot;:4,&quot;12&quot;:0,&quot;14&quot;:[null,2,0],&quot;15&quot;:&quot;Arial&quot;,&quot;16&quot;:10,&quot;17&quot;:1,&quot;28&quot;:1}\">Carte Blanche &#8211; Christina Kubisch<\/span><\/h1>\n<p>Apo33 pr\u00e9sente le travail de l\u2019artiste allemande Christina Kubisch (n\u00e9e en 1948), qui explore depuis les ann\u00e9es 1970 le potentiel sonore des champs \u00e9lectromagn\u00e9tiques g\u00e9n\u00e9r\u00e9s par notre environnement urbain et technologique. L\u2019exposition s\u2019organise autour de l\u2019oeuvre Cloud (\u00ab work in progress \u00bb depuis 2011), proposant l\u2019\u00e9coute d\u2019ondes imperceptibles \u00e0 l\u2019oreille nue et questionnant le rapport entre le visible et l\u2019audible.<\/p>\n<p><span data-sheets-value=\"{&quot;1&quot;:2,&quot;2&quot;:&quot;\u00c9chos magn\u00e9tiques pr\u00e9sente le travail de l\u2019artiste allemande Christina Kubisch (n\u00e9e en 1948), qui explore depuis les ann\u00e9es 1970 le potentiel sonore des champs \u00e9lectromagn\u00e9tiques g\u00e9n\u00e9r\u00e9s par notre environnement urbain et technologique. L\u2019exposition s\u2019organise autour de l\u2019oeuvre Cloud (\u00ab work in progress \u00bb depuis 2011), proposant l\u2019\u00e9coute d\u2019ondes imperceptibles \u00e0 l\u2019oreille nue et questionnant le rapport entre le visible et l\u2019audible. Pr\u00e9sent\u00e9e pour la premi\u00e8re fois en France, cette installation est accompagn\u00e9e d\u2019une constellation de documents d\u2019archives\\n\u2013 partitions, photographies, dessins, vinyles, cassettes \u2013 issus du travail de Christina Kubisch et d\u2019artistes qui lui sont li\u00e9.e.s, ainsi que des collections de l\u2019INHA-Archives de la critique d\u2019art.\\n\\nL\u2019ensemble, qui couvre la p\u00e9riode allant des ann\u00e9es 1970 \u00e0 nos jours, parcourt ses rencontres, transferts et \u00e9changes artistiques autour des arts sonores et s\u2019arr\u00eate sur certains moments phares de sa trajectoire.\\nCommissariat : Damien Simon, Anne Zeitz, en collaboration avec Cl\u00e9lia Barbut\\nExposition coproduite avec Le Bon Accueil-Lieu \\nSound Unheard, journ\u00e9e d\u2019\u00e9tudes sur les seuils de la perception et les dimensions inaudibles, non-entendues et inou\u00efes dans l\u2019art contemporain. Organisation : Anne Zeitz, S\u00e9verine Cauchy et Yann S\u00e9randour, s\u00e9minaire \u00c9couter l\u2019archive, \u00e9quipe Pratiques et Th\u00e9ories de l\u2019art contemporain (Universit\u00e9 Rennes 2) en collaboration avec l\u2019Universit\u00e4t der K\u00fcnste Berlin.&quot;}\" data-sheets-userformat=\"{&quot;2&quot;:33586113,&quot;3&quot;:{&quot;1&quot;:0},&quot;9&quot;:1,&quot;10&quot;:1,&quot;11&quot;:3,&quot;12&quot;:0,&quot;14&quot;:[null,2,0],&quot;15&quot;:&quot;Arial&quot;,&quot;16&quot;:10,&quot;17&quot;:1,&quot;28&quot;:1}\"><img src=\"http:\/\/apo33.org\/wp-content\/uploads\/2019\/06\/kubish-700x267.jpeg\" alt=\"\" width=\"500\" class=\"alignleft size-large wp-image-4486\" srcset=\"https:\/\/apo33.org\/wp-content\/uploads\/2019\/06\/kubish-700x267.jpeg 700w, https:\/\/apo33.org\/wp-content\/uploads\/2019\/06\/kubish-300x115.jpeg 300w, https:\/\/apo33.org\/wp-content\/uploads\/2019\/06\/kubish.jpeg 720w\" sizes=\"(max-width: 700px) 100vw, 700px\" \/><\/span><\/p>\n<p>Exposition coproduite entre Le Bon Accueil (Rennes), festival ]interstice[ (Caen), APO33 (Nantes) qui se sont associ\u00e9s pour re-produire et diffuser cette installation de Christina Kubisch.<\/p>\n<p><img src=\"http:\/\/apo33.org\/wp-content\/uploads\/2019\/06\/kubischcloud-700x467.jpg\" alt=\"\" width=\"500\" class=\"alignleft size-large wp-image-4485\" srcset=\"https:\/\/apo33.org\/wp-content\/uploads\/2019\/06\/kubischcloud-700x467.jpg 700w, https:\/\/apo33.org\/wp-content\/uploads\/2019\/06\/kubischcloud-300x200.jpg 300w, https:\/\/apo33.org\/wp-content\/uploads\/2019\/06\/kubischcloud.jpg 1800w\" sizes=\"(max-width: 700px) 100vw, 700px\" \/><\/p>\n<p>Vernissage vendredi 28 juin \u00e0 18h30 \u00e0 la Plateforme Interm\u00e9dia.<\/p>\n<p>Entr\u00e9e libre du jeudi au samedi de 16h30 \u00e0 19h30.<\/p>\n","protected":false},"excerpt":{"rendered":"<p>Du 28 juin au au 31 ao\u00fbt 2019 Carte Blanche &#8211; Christina Kubisch Apo33 pr\u00e9sente le travail de l\u2019artiste allemande Christina Kubisch (n\u00e9e en 1948),<a class=\"moretag\" href=\"https:\/\/apo33.org\/?p=4439\"> <span class=\"dashicons dashicons-plus\"><\/span><span class=\"dashicons dashicons-plus\"><\/span> <\/a><\/p>\n","protected":false},"author":3,"featured_media":4440,"comment_status":"closed","ping_status":"open","sticky":false,"template":"","format":"standard","meta":{"_links_to":"","_links_to_target":""},"categories":[10,11],"tags":[316,642,353,669,424,335],"_links":{"self":[{"href":"https:\/\/apo33.org\/index.php?rest_route=\/wp\/v2\/posts\/4439"}],"collection":[{"href":"https:\/\/apo33.org\/index.php?rest_route=\/wp\/v2\/posts"}],"about":[{"href":"https:\/\/apo33.org\/index.php?rest_route=\/wp\/v2\/types\/post"}],"author":[{"embeddable":true,"href":"https:\/\/apo33.org\/index.php?rest_route=\/wp\/v2\/users\/3"}],"replies":[{"embeddable":true,"href":"https:\/\/apo33.org\/index.php?rest_route=%2Fwp%2Fv2%2Fcomments&post=4439"}],"version-history":[{"count":4,"href":"https:\/\/apo33.org\/index.php?rest_route=\/wp\/v2\/posts\/4439\/revisions"}],"predecessor-version":[{"id":4487,"href":"https:\/\/apo33.org\/index.php?rest_route=\/wp\/v2\/posts\/4439\/revisions\/4487"}],"wp:featuredmedia":[{"embeddable":true,"href":"https:\/\/apo33.org\/index.php?rest_route=\/wp\/v2\/media\/4440"}],"wp:attachment":[{"href":"https:\/\/apo33.org\/index.php?rest_route=%2Fwp%2Fv2%2Fmedia&parent=4439"}],"wp:term":[{"taxonomy":"category","embeddable":true,"href":"https:\/\/apo33.org\/index.php?rest_route=%2Fwp%2Fv2%2Fcategories&post=4439"},{"taxonomy":"post_tag","embeddable":true,"href":"https:\/\/apo33.org\/index.php?rest_route=%2Fwp%2Fv2%2Ftags&post=4439"}],"curies":[{"name":"wp","href":"https:\/\/api.w.org\/{rel}","templated":true}]}}