{"id":156,"date":"2015-08-21T15:57:43","date_gmt":"2015-08-21T10:11:15","guid":{"rendered":"http:\/\/apo33.org\/?p=156"},"modified":"2016-01-08T17:56:57","modified_gmt":"2016-01-08T17:56:57","slug":"electropixel-festival-5","status":"publish","type":"post","link":"https:\/\/apo33.org\/?p=156","title":{"rendered":"Electropixel Festival #5"},"content":{"rendered":"<p><strong><\/p>\n<h4>\n<p>ELECTROPIXEL FESTIVAL \u2013 21 \u2013 23 ao\u00fbt 2015<\/h4>\n<\/p>\n<p><\/strong><br \/>\n<em><br \/>\n(Plateforme Interm\u00e9dia, Les nefs Dubigeon, les Ateliers de Bitche, les parcs et jardins de Nantes, Place du commerce&#8230;).<\/em><\/p>\n<p><iframe src=\"https:\/\/player.vimeo.com\/video\/139557186\" width=\"500\" height=\"281\" frameborder=\"0\" webkitallowfullscreen mozallowfullscreen allowfullscreen><\/iframe><\/p>\n<p><a href=\"https:\/\/vimeo.com\/139557186\">Feedback Electropixel festival #5<\/a> from <a href=\"https:\/\/vimeo.com\/user1428571\">apo33<\/a> on <a href=\"https:\/\/vimeo.com\">Vimeo<\/a>.<\/p>\n<p>Electropixel#5 va cartographier des flux de perturbations, d\u2019interventions et de diversions \u00e9lectroniques \u00e0 travers des performances, des concerts, des happenings, des expositions, etc., qui confronteront le public \u00e0 des exp\u00e9riences po\u00e9tiques, insoup\u00e7onn\u00e9es, subversives et provocatrices compos\u00e9 d\u2019art num\u00e9rique et \u00e9lectronique, au sein de zones urbaines et au del\u00e0 du domaine public.<\/p>\n<p><strong>Mots clefs:<\/strong><br \/>\nTransmutation &#8211; changement complet de la forme, apparence ou nature de quelqu\u2019un ou de quelque chose comme : la Data-Achemy, les formes d\u2019art g\u00e9n\u00e9ratif, les m\u00e9tamorphoses mim\u00e9tic, les Fluids Medium ou les structures virales\u2026<\/p>\n<p>Transmission &#8211; partage, communication, pr\u00e9senter, passeur, diss\u00e9miner, \u00e9mission, performer, signal, enseigner, radio, t\u00e9l\u00e9vision, film, internet, imprimer&#8230;etc.<\/p>\n<p>\u2013&gt;14h30 \u2013 18h30 : Installations<\/p>\n<p>Cosmik Vibration \u2013 Cyrille Courte &amp; Sho\u00ef Extrasystole<br \/>\nMagnem 1 \u2013 Sho\u00ef Extrasystole<br \/>\nSOUS\/\/CASQUES \u2013 Jules Wisocki<br \/>\nSono\u00efd \u2013 Alexande Berthaud<br \/>\nCircularit\u00e9\/Frottement \u2013 Gabriel Vogel<br \/>\n\u2184\u20dd NSA \u2013 \u2184\u20ddritical Network Streaming Action<\/p>\n<p>\u2013&gt; vendredi 21 ao\u00fbt \/ Friday 21st<\/p>\n<p>19h30 : BBQ \u2013 Burkina faso<\/p>\n<p>19h30 \u2013 23h00 : Soir\u00e9e mutation organique<br \/>\n-Obsoleto Modo- \u2013 Miguel Pipa (Carte Blanche)<br \/>\nArthur Zerktouni<br \/>\nJPE \/ Herv\u00e9 Moire<br \/>\nJulien Pauthier (featuring Simon Deterne)<br \/>\nKrodelabestiole<br \/>\nPoulomi Desai (sous-r\u00e9serve)<\/p>\n<p>\u2013&gt; samedi 22 ao\u00fbt \/ Saturday 22nd<\/p>\n<p>14h30 \u2013 18h30 : Performances URBAINE<\/p>\n<p>Body Interfaces \u2013 Tina Mariane Krogh Madsen<br \/>\nLe s\u00e9quenceur \u00e0 gravitation \u2013 Laurent Malys<br \/>\nCity Disruption \u2013 Laurent Di Biase<\/p>\n<p>14h30 \u2013 18h30 : Atelier<\/p>\n<p>Jeff Rolez<\/p>\n<p>20h30 \u2013 23h59 : Soir\u00e9e Electronoise<\/p>\n<p>EcoLoya<br \/>\nMarc Caro<br \/>\nDivag<br \/>\nFureau<br \/>\nDesfloresta\u00e7\u00e3o<br \/>\nManecante<br \/>\nCircuit Tordu \u2013 David Frimas<br \/>\n+ 2 tranches gratuites. \u2013 Lo\u00efc Frejaville<br \/>\nSplit<\/p>\n<p>\u2013&gt; dimanche 23 ao\u00fbt \/ Sunday 23rd<\/p>\n<p>16h00 \u2013 19h00 : Go\u00fbter cinema<br \/>\nPulse \u2013 Aubadja<br \/>\nLe Sous-bois \u2013 Lucas Seguy<br \/>\nMinuscule Faune \u2013 Mitsuaki Saito et Sarah Cl\u00e9net<br \/>\nIn Limbo \u2013 L.E.D<br \/>\nANIMALITY \u2013 Sarah VIOLAINE<br \/>\nSTILL LIFE \u2013 Anabela costa<\/p>\n<p>19h30 : cl\u00f4ture du Festival Electropixel#5<\/p>\n<p>Gabriel Vogel<\/p>\n<p>D\u00c9TAILS\/MORE DETAILS: <a href=\"http:\/\/electropixel.org\/\">http:\/\/electropixel.org\/<\/a><\/p>\n","protected":false},"excerpt":{"rendered":"<p>ELECTROPIXEL FESTIVAL \u2013 21 \u2013 23 ao\u00fbt 2015 (Plateforme Interm\u00e9dia, Les nefs Dubigeon, les Ateliers de Bitche, les parcs et jardins de Nantes, Place du<a class=\"moretag\" href=\"https:\/\/apo33.org\/?p=156\"> <span class=\"dashicons dashicons-plus\"><\/span><span class=\"dashicons dashicons-plus\"><\/span> <\/a><\/p>\n","protected":false},"author":1,"featured_media":157,"comment_status":"closed","ping_status":"open","sticky":false,"template":"","format":"standard","meta":{"_links_to":"","_links_to_target":""},"categories":[18],"tags":[83,82,81],"_links":{"self":[{"href":"https:\/\/apo33.org\/index.php?rest_route=\/wp\/v2\/posts\/156"}],"collection":[{"href":"https:\/\/apo33.org\/index.php?rest_route=\/wp\/v2\/posts"}],"about":[{"href":"https:\/\/apo33.org\/index.php?rest_route=\/wp\/v2\/types\/post"}],"author":[{"embeddable":true,"href":"https:\/\/apo33.org\/index.php?rest_route=\/wp\/v2\/users\/1"}],"replies":[{"embeddable":true,"href":"https:\/\/apo33.org\/index.php?rest_route=%2Fwp%2Fv2%2Fcomments&post=156"}],"version-history":[{"count":4,"href":"https:\/\/apo33.org\/index.php?rest_route=\/wp\/v2\/posts\/156\/revisions"}],"predecessor-version":[{"id":688,"href":"https:\/\/apo33.org\/index.php?rest_route=\/wp\/v2\/posts\/156\/revisions\/688"}],"wp:featuredmedia":[{"embeddable":true,"href":"https:\/\/apo33.org\/index.php?rest_route=\/wp\/v2\/media\/157"}],"wp:attachment":[{"href":"https:\/\/apo33.org\/index.php?rest_route=%2Fwp%2Fv2%2Fmedia&parent=156"}],"wp:term":[{"taxonomy":"category","embeddable":true,"href":"https:\/\/apo33.org\/index.php?rest_route=%2Fwp%2Fv2%2Fcategories&post=156"},{"taxonomy":"post_tag","embeddable":true,"href":"https:\/\/apo33.org\/index.php?rest_route=%2Fwp%2Fv2%2Ftags&post=156"}],"curies":[{"name":"wp","href":"https:\/\/api.w.org\/{rel}","templated":true}]}}