{"id":1517,"date":"2016-11-04T19:00:31","date_gmt":"2016-11-04T19:00:31","guid":{"rendered":"http:\/\/apo33.org\/?p=1517"},"modified":"2016-11-02T10:26:32","modified_gmt":"2016-11-02T10:26:32","slug":"carte-blanche-partagee-a-haus","status":"publish","type":"post","link":"https:\/\/apo33.org\/?p=1517","title":{"rendered":"Carte Blanche partag\u00e9e \u00e0 -HAUS"},"content":{"rendered":"<p><strong>Du vendredi 04 au lundi 7 novembre<\/strong><\/p>\n<p><b>Carte Blanche partag\u00e9e \u00e0 -HAUS<\/b><\/p>\n<p>&#8220;Le regard plastique de Vincent Epplay, Arnaud Maguet et Nicolas Moulin sur les mythologies modernistes est aussi une conversation musicale. Sur l\u2019invitation du collectif \u2013Haus, ils nous livrent une exp\u00e9rimentation transversale o\u00f9 dialoguent l\u2019architecture, l\u2019art contemporain et la musique exp\u00e9rimentale.&#8221;<\/p>\n<p><strong>GRAUKUNST<img loading=\"lazy\" class=\"size-full wp-image-1602 alignright\" src=\"http:\/\/apo33.org\/wp-content\/uploads\/2016\/10\/dream_baby_dream.jpg\" alt=\"dream_baby_dream\" width=\"450\" height=\"522\" srcset=\"https:\/\/apo33.org\/wp-content\/uploads\/2016\/10\/dream_baby_dream.jpg 450w, https:\/\/apo33.org\/wp-content\/uploads\/2016\/10\/dream_baby_dream-259x300.jpg 259w\" sizes=\"(max-width: 450px) 100vw, 450px\" \/><\/strong><\/p>\n<p>Le collectif -Haus propose un regard original sur les arts visuels en explorant les relations entre art contemporain, musique exp\u00e9rimentale et architecture. -Haus investit une portion du blockhaus DY10 et prolonge la d\u00e9marche initiale de ses fondateurs visant \u00e0 valoriser une architecture radicale \u00e0 travers une activit\u00e9 artistique exp\u00e9rimentale, transversale et ind\u00e9pendante.<\/p>\n<p>Cette ambition trouve un \u00e9cho dans l\u2019architecture et l\u2019activit\u00e9 de la Fabrique au travers la Plateforme intermedia, le Jardin C, et la Place (Trempolino). Le projet Graukunst vise \u00e0 \u00e9tablir une connection manifeste entre ces diff\u00e9rents lieux, en exploitant leur proximit\u00e9, leur compl\u00e9mentarit\u00e9 et leur nature architecturale particuli\u00e8re.<\/p>\n<p>Nous souhaitons proposer \u00e0 Nicolas Moulin et Arnaud Maguet de s\u2019approprier ces diff\u00e9rents espaces. Le regard plastique de Nicolas Moulin et Arnaud Maguet sur les mythologies modernistes est aussi une conversation musicale \u00e0 travers leurs labels respectifs Grautag Records et Les Disques en Rotin R\u00e9unis, \u00e0 laquelle participent les membres de Bader Motor. La dimension pluridisciplinaire du travail de ces deux artistes qui usent indiff\u00e9remment de la sculpture, de la vid\u00e9o, du dessin, de la photographie et du son, offre un jeu d\u2019\u00e9chelles et de temporalit\u00e9s multiples \u00e0 l\u2019ensemble de la proposition Graukunst. Ainsi Graukunst se d\u00e9cline en parcours, expositions, installations et performances. C\u2019est un dialogue ouvert entre espaces ext\u00e9rieurs et int\u00e9rieurs, entre images et sons, entre usagers et activistes, entre avant et apr\u00e8s.<\/p>\n<p>L\u2019ambition de ce regard crois\u00e9 de Nicolas Moulin et Arnaud Maguet est de r\u00e9v\u00e9ler la nature historique et ctionnelle des lieux investis. Le public sera invit\u00e9 \u00e0 une circulation physique autant que mentale dans une zone \u00e9quivoque o\u00f9 se m\u00ealent souvenirs guerriers et promesses apaisantes, m\u00e9moire et utopie.<\/p>\n<p><img loading=\"lazy\" class=\"alignnone  wp-image-1604\" src=\"http:\/\/apo33.org\/wp-content\/uploads\/2016\/10\/nicolas_moulin_1899_north_576x.jpeg\" alt=\"nicolas_moulin_1899_north_576x\" width=\"429\" height=\"343\" srcset=\"https:\/\/apo33.org\/wp-content\/uploads\/2016\/10\/nicolas_moulin_1899_north_576x.jpeg 576w, https:\/\/apo33.org\/wp-content\/uploads\/2016\/10\/nicolas_moulin_1899_north_576x-300x240.jpeg 300w\" sizes=\"(max-width: 429px) 100vw, 429px\" \/><\/p>\n<p>Entr\u00e9e libre<\/p>\n<p>Plateforme Interm\u00e9dia, La Place, Jardin C &#8211; 4 Boulevard L\u00e9on Bureau, Nantes<\/p>\n<p><a href=\"http:\/\/haus-block.com\/\">http:\/\/haus-block.com\/<\/a><\/p>\n<p>&nbsp;<\/p>\n<p>&nbsp;<\/p>\n","protected":false},"excerpt":{"rendered":"<p>Du vendredi 04 au lundi 7 novembre Carte Blanche partag\u00e9e \u00e0 -HAUS &#8220;Le regard plastique de Vincent Epplay, Arnaud Maguet et Nicolas Moulin sur les<a class=\"moretag\" href=\"https:\/\/apo33.org\/?p=1517\"> <span class=\"dashicons dashicons-plus\"><\/span><span class=\"dashicons dashicons-plus\"><\/span> <\/a><\/p>\n","protected":false},"author":3,"featured_media":1518,"comment_status":"closed","ping_status":"open","sticky":false,"template":"","format":"standard","meta":{"_links_to":"","_links_to_target":""},"categories":[10],"tags":[316,353,885,424],"_links":{"self":[{"href":"https:\/\/apo33.org\/index.php?rest_route=\/wp\/v2\/posts\/1517"}],"collection":[{"href":"https:\/\/apo33.org\/index.php?rest_route=\/wp\/v2\/posts"}],"about":[{"href":"https:\/\/apo33.org\/index.php?rest_route=\/wp\/v2\/types\/post"}],"author":[{"embeddable":true,"href":"https:\/\/apo33.org\/index.php?rest_route=\/wp\/v2\/users\/3"}],"replies":[{"embeddable":true,"href":"https:\/\/apo33.org\/index.php?rest_route=%2Fwp%2Fv2%2Fcomments&post=1517"}],"version-history":[{"count":5,"href":"https:\/\/apo33.org\/index.php?rest_route=\/wp\/v2\/posts\/1517\/revisions"}],"predecessor-version":[{"id":1631,"href":"https:\/\/apo33.org\/index.php?rest_route=\/wp\/v2\/posts\/1517\/revisions\/1631"}],"wp:featuredmedia":[{"embeddable":true,"href":"https:\/\/apo33.org\/index.php?rest_route=\/wp\/v2\/media\/1518"}],"wp:attachment":[{"href":"https:\/\/apo33.org\/index.php?rest_route=%2Fwp%2Fv2%2Fmedia&parent=1517"}],"wp:term":[{"taxonomy":"category","embeddable":true,"href":"https:\/\/apo33.org\/index.php?rest_route=%2Fwp%2Fv2%2Fcategories&post=1517"},{"taxonomy":"post_tag","embeddable":true,"href":"https:\/\/apo33.org\/index.php?rest_route=%2Fwp%2Fv2%2Ftags&post=1517"}],"curies":[{"name":"wp","href":"https:\/\/api.w.org\/{rel}","templated":true}]}}