{"id":13595,"date":"2026-09-05T19:00:00","date_gmt":"2026-09-05T17:00:00","guid":{"rendered":"https:\/\/apo33.org\/?p=13595"},"modified":"2026-08-31T19:01:35","modified_gmt":"2026-08-31T17:01:35","slug":"conference-vectors-of-care-in-experimental-arts","status":"publish","type":"post","link":"https:\/\/apo33.org\/?p=13595","title":{"rendered":"Conf\u00e9rence : Vectors of Care in Experimental Arts"},"content":{"rendered":"\n<h2>3-5 septembre 2026, Podgorica, Mont\u00e9n\u00e9gro<\/h2>\n\n\n\n<p>APO33 participe \u00e0 la conf\u00e9rence-festival <strong>Toolkit of Care Conference : Vectors of Care in Experimental Arts<\/strong>, qui se tiendra \u00e0 <strong>Podgorica, au Mont\u00e9n\u00e9gro<\/strong>, du <strong>jeudi 3 au samedi 5 septembre 2026<\/strong>.<\/p>\n\n\n\n<p>La conf\u00e9rence r\u00e9unit <strong>artistes, chercheur\u00b7euses, technologues cr\u00e9atif\u00b7ves, curateur\u00b7ices, activistes et praticien\u00b7nes culturel\u00b7les<\/strong> autour du soin comme pratique \u00e9thique, politique et artistique, \u00e0 la crois\u00e9e des arts exp\u00e9rimentaux, des technologies, des sciences et des formes de vie collective.<\/p>\n\n\n\n<p>Pendant trois jours, le programme proposera <strong>forums, panels, ateliers, pr\u00e9sentations, performances, installations, projections, concerts et discussions collectives<\/strong>, avec une attention particuli\u00e8re port\u00e9e aux pratiques exp\u00e9rimentales, aux savoirs collectifs, aux imaginaires technologiques, aux responsabilit\u00e9s \u00e9cologiques et aux politiques du care.<\/p>\n\n\n\n<h2>Informations pratiques<\/h2>\n\n\n\n<p><strong>Dates :<\/strong> 3-5 septembre 2026<br><strong>Ville :<\/strong> Podgorica, Mont\u00e9n\u00e9gro<br><strong>Lieu principal :<\/strong> M:tel digitalna fabrika<br><strong>Lieu des soir\u00e9es :<\/strong> Pomorand\u017ea DKC<br><strong>Participation :<\/strong> gratuite<br><strong>Plus d\u2019informations :<\/strong> <a href=\"http:\/\/www.toolkitof.care\" target=\"_blank\" rel=\"noreferrer noopener\">www.toolkitof.care<\/a><\/p>\n\n\n\n<h2>Programme<\/h2>\n\n\n\n<hr class=\"wp-block-separator\"\/>\n\n\n\n<h2>Jeudi 3 septembre 2026<\/h2>\n\n\n\n<h3>Orientation \/ Toolkit of Care<\/h3>\n\n\n\n<p><strong>Lieu :<\/strong> M:tel digitalna fabrika<\/p>\n\n\n\n<h3>10:00-10:15<\/h3>\n\n\n\n<p><strong>Opening Remarks<\/strong><br><strong>Lieu :<\/strong> M:tel digitalna fabrika, Meet-up Zone<br><strong>Avec :<\/strong> M. Koutsomichalis, J. Pickett, A. \u0160a\u0161i\u0107<\/p>\n\n\n\n<h3>10:15-11:00<\/h3>\n\n\n\n<p><strong>Toolkit of Care<\/strong><br><strong>Format :<\/strong> Demo<br><strong>Lieu :<\/strong> M:tel digitalna fabrika, Meet-up Zone<br><strong>Avec :<\/strong> M. Koutsomichalis, A. Ludovico, O. Panayides<\/p>\n\n\n\n<h3>11:00-12:00<\/h3>\n\n\n\n<p><strong>Atlas of Care<\/strong><br><strong>Format :<\/strong> Atelier<br><strong>Lieu :<\/strong> M:tel digitalna fabrika, Coworking Space<br><strong>Avec :<\/strong> A. Ludovico, J. Pickett, M. Koutsomichalis<\/p>\n\n\n\n<h3>12:00-13:00<\/h3>\n\n\n\n<p><strong>Pause d\u00e9jeuner<\/strong><br>Repas libre<\/p>\n\n\n\n<h3>13:00-13:40<\/h3>\n\n\n\n<p><strong>Publishing Care<\/strong><br><strong>Format :<\/strong> Forum<br><strong>Lieu :<\/strong> M:tel digitalna fabrika, Meet-up Zone<br><strong>Avec :<\/strong> A. Ludovico, O. Panayides, M. Gaspevicius, J. Pickett<\/p>\n\n\n\n<h3>13:40-14:00<\/h3>\n\n\n\n<p><strong>Espoo Accord<\/strong><br><strong>Format :<\/strong> Panel<br><strong>Lieu :<\/strong> M:tel digitalna fabrika, Meet-up Zone<br><strong>Avec :<\/strong> M. Koutsomichalis, M. Mayas, Y. Nishiki, A. Caddy<\/p>\n\n\n\n<h3>14:00-15:00<\/h3>\n\n\n\n<p><strong>Breathing Together: Voice, Care, and Collective Attunement<\/strong><br><strong>Format :<\/strong> Lecture \/ Performance<br><strong>Lieu :<\/strong> M:tel digitalna fabrika, Meet-up Zone<br><strong>Avec :<\/strong> I. Cipollari<\/p>\n\n\n\n<h3>15:00-15:30<\/h3>\n\n\n\n<p><strong>Pause caf\u00e9<\/strong><br><strong>Lieu :<\/strong> M:tel digitalna fabrika, Relaxation Zone<\/p>\n\n\n\n<h3>15:30-16:10<\/h3>\n\n\n\n<p><strong>FORUM: Radical Thinking &amp; Thinging<\/strong><br><strong>Lieu :<\/strong> M:tel digitalna fabrika, Meet-up Zone<br><strong>Avec :<\/strong> M. Gaspevicius, J. Pickett, J. Ottavi, M. Koutsomichalis<\/p>\n\n\n\n<h3>16:10-17:00<\/h3>\n\n\n\n<p><strong>Solar4Rain, an Atmospheric PUNK Symbiosis<\/strong><br><strong>Format :<\/strong> Panel \/ Performance<br><strong>Lieu :<\/strong> M:tel digitalna fabrika, Meet-up Zone<br><strong>Avec :<\/strong> M. Cajaraville, G. Fr\u00f8ysland<\/p>\n\n\n\n<hr class=\"wp-block-separator\"\/>\n\n\n\n<h2>Vendredi 4 septembre 2026<\/h2>\n\n\n\n<h3>Off-Sites \/ Buffer Zones \/ Anomalies<\/h3>\n\n\n\n<p><strong>Lieux :<\/strong> M:tel digitalna fabrika et Pomorand\u017ea DKC<\/p>\n\n\n\n<h3>10:00-11:15<\/h3>\n\n\n\n<p><strong>From the Mountains of Madness: Art &amp; Culture &amp; Montenegro<\/strong><br><strong>Format :<\/strong> Panel \/ Talks<br><strong>Lieu :<\/strong> M:tel digitalna fabrika, Meet-up Zone<br><strong>Avec :<\/strong> \u00e0 confirmer<\/p>\n\n\n\n<h3>11:00-13:00<\/h3>\n\n\n\n<p><strong>Collective Voices: Building Responsive Typography Together<\/strong><br><strong>Format :<\/strong> Atelier<br><strong>Lieu :<\/strong> M:tel digitalna fabrika, Classroom<br><strong>Avec :<\/strong> A. Melandinou<\/p>\n\n\n\n<h3>11:15-12:00<\/h3>\n\n\n\n<p><strong>All We Need Is Love? Caring for Relational Vulnerabilities in Interaction with Human and Artificial Others<\/strong><br><strong>Format :<\/strong> Panel<br><strong>Lieu :<\/strong> M:tel digitalna fabrika, Meet-up Zone<br><strong>Avec :<\/strong> E. Stoica, A.M. Cet\u0103\u021bean, M. Constantinescu<\/p>\n\n\n\n<h3>12:00-13:00<\/h3>\n\n\n\n<p><strong>Pause d\u00e9jeuner<\/strong><br>Repas libre<\/p>\n\n\n\n<h3>13:00-17:00<\/h3>\n\n\n\n<p><strong>Brostein for (de)konstruksjion \/ Adoquines del Guadiana<\/strong><br><strong>Format :<\/strong> Installation<br><strong>Lieu :<\/strong> M:tel digitalna fabrika, Relaxation Zone<br><strong>Avec :<\/strong> M. Cajaraville, G. Fr\u00f8ysland<\/p>\n\n\n\n<h3>13:00-13:30<\/h3>\n\n\n\n<p><strong>DA DA DA: Curating Experimental Arts in Bulgaria<\/strong><br><strong>Format :<\/strong> Pr\u00e9sentation<br><strong>Lieu :<\/strong> M:tel digitalna fabrika, Meet-up Zone<br><strong>Avec :<\/strong> G. Dimitrova-Dimova<\/p>\n\n\n\n<h3>13:00-15:00<\/h3>\n\n\n\n<p><strong>Creative AI for Visual Programming<\/strong><br><strong>Format :<\/strong> Atelier<br><strong>Lieu :<\/strong> M:tel digitalna fabrika, Classroom<br><strong>Avec :<\/strong> A. Drymonitis<\/p>\n\n\n\n<h3>13:00-15:00<\/h3>\n\n\n\n<p><strong>Resonant Territories: Technologies of Care Through Experimental Sound Practices<\/strong><br><strong>Format :<\/strong> Atelier<br><strong>Lieu :<\/strong> M:tel digitalna fabrika, Coworking Space<br><strong>Avec :<\/strong> D. Kousteridou<\/p>\n\n\n\n<h3>13:30-14:45<\/h3>\n\n\n\n<p><strong>Centre-Periphery Dynamics in Experimental Arts<\/strong><br><strong>Format :<\/strong> Table ronde<br><strong>Lieu :<\/strong> M:tel digitalna fabrika, Meet-up Zone<br><strong>Avec :<\/strong> N. Rodousakis, M. Constantinescu, G. Dimitrova-Dimova, intervenant\u00b7es ME \u00e0 confirmer, D. Savva<\/p>\n\n\n\n<h3>14:45-15:15<\/h3>\n\n\n\n<p><strong>Radical Hammers For Radical Folds<\/strong><br><strong>Format :<\/strong> Demo<br><strong>Avec :<\/strong> M. Koutsomichalis<\/p>\n\n\n\n<h3>15:15-15:45<\/h3>\n\n\n\n<p><strong>Pause caf\u00e9<\/strong><\/p>\n\n\n\n<h3>15:45-16:15<\/h3>\n\n\n\n<p><strong>Deep Media Mess<\/strong><br><strong>Format :<\/strong> Panel<br><strong>Avec :<\/strong> J. Pickett, J. Ottavi, M. Koutsomichalis, D. Kousteridou, M. Cajaraville, G. Fr\u00f8ysland<\/p>\n\n\n\n<h3>16:15-17:00<\/h3>\n\n\n\n<p><strong>Care on Air: Community Radio as Infrastructures of Care<\/strong><br><strong>Format :<\/strong> Panel<br><strong>Avec :<\/strong> J. Ottavi, A. Ludovico, J. Pickett<\/p>\n\n\n\n<h3>16:00-18:00<\/h3>\n\n\n\n<p><strong>Home v2.0<\/strong><br><strong>Format :<\/strong> Installation<br><strong>Lieu :<\/strong> M:tel digitalna fabrika, Classroom<br><strong>Avec :<\/strong> E. Aslanidis<\/p>\n\n\n\n<h3>18:00-20:00<\/h3>\n\n\n\n<p><strong>Pause d\u00eener<\/strong><br>Repas libre<\/p>\n\n\n\n<h3>20:00-23:00<\/h3>\n\n\n\n<p><strong>Radical Electronic Music from Planet Earth<\/strong><br><strong>Format :<\/strong> Concerts<br><strong>Lieu :<\/strong> Pomorand\u017ea DKC, C7G6+9QC, 4. Jul<br><strong>Avec :<\/strong> S. Bihakis, E. \u017du\u0111elovi\u0107, M. Koutsomichalis, Solar Return, J. Pickett &amp; J. Ottavi, M. Hedayati<\/p>\n\n\n\n<hr class=\"wp-block-separator\"\/>\n\n\n\n<h2>Samedi 5 septembre 2026<\/h2>\n\n\n\n<h3>Future(s) \/ Visions<\/h3>\n\n\n\n<p><strong>Lieux :<\/strong> M:tel digitalna fabrika et Pomorand\u017ea DKC<\/p>\n\n\n\n<h3>10:00-17:00<\/h3>\n\n\n\n<p><strong>Imagined Islands<\/strong><br><strong>Format :<\/strong> Installation<br><strong>Lieu :<\/strong> M:tel digitalna fabrika, Classroom<br><strong>Avec :<\/strong> L. Buttler<\/p>\n\n\n\n<h3>10:00-11:15<\/h3>\n\n\n\n<p><strong>Antidefuturing: Exposing Interfaces and Infrastructuring Preferable Futures through Experimental Art<\/strong><br><strong>Format :<\/strong> Panel<br><strong>Lieu :<\/strong> M:tel digitalna fabrika, Meet-up Zone<br><strong>Avec :<\/strong> R. Collins, R. Butler, A. Caddy, A. Ludovico, P. O\u2019Neill, A. Phelan<\/p>\n\n\n\n<h3>11:15-12:30<\/h3>\n\n\n\n<p><strong>It Is the Business of the Future to Be Dangerous<\/strong><br><strong>Format :<\/strong> Pr\u00e9sentations courtes &amp; table ronde<br><strong>Lieu :<\/strong> M:tel digitalna fabrika, Meet-up Zone<br><strong>Avec :<\/strong> Y. Nishiki, X. Wang, M. Hedayati, M. Gallo, S. Fachouridou<\/p>\n\n\n\n<p><strong>Pr\u00e9sentations :<\/strong><\/p>\n\n\n\n<p><strong>Beyond Handmade and Machine-Made: The Emergence of (un)made<\/strong><br>Y. Nishiki<\/p>\n\n\n\n<p><strong>Refusing to \u201cFix\u201d Women: Designing Conversational AI as a Practice of Care<\/strong><br>X. Wang<\/p>\n\n\n\n<p><strong>Doing AI Otherwise: Community Practices in the Undercommons<\/strong><br>M. Hedayati<\/p>\n\n\n\n<p><strong>From Conference to Collective Practice? Care and the Politics of Academic Formats<\/strong><br>M. Gallo<\/p>\n\n\n\n<p><strong>The Boy in the Map: Delivery Labour, Care and Surveillance in Platform Food Economies<\/strong><br>S. Fachouridou<\/p>\n\n\n\n<h3>12:30-13:30<\/h3>\n\n\n\n<p><strong>Pause d\u00e9jeuner<\/strong><br>Repas libre<\/p>\n\n\n\n<h3>13:30-14:00<\/h3>\n\n\n\n<p><strong>Speculative Disaster and Hallucinatory Poetics as Planetary Care: 1 ola majestic en mi balconee \/ 1 majestik wave en mi balco-knee<\/strong><br><strong>Format :<\/strong> Projection \/ Discussion<br><strong>Lieu :<\/strong> M:tel digitalna fabrika, Meet-up Zone<br><strong>Avec :<\/strong> P. P\u00e9rez-Rodr\u00edguez<\/p>\n\n\n\n<h3>14:00-14:15<\/h3>\n\n\n\n<p><strong>Non-Machines<\/strong><br><strong>Format :<\/strong> Demo<br><strong>Lieu :<\/strong> M:tel digitalna fabrika, Meet-up Zone<br><strong>Avec :<\/strong> M. Gaspevicius, L. Giannakou<\/p>\n\n\n\n<h3>14:15-15:00<\/h3>\n\n\n\n<p><strong>Future of the TOC Network<\/strong><br><strong>Format :<\/strong> Table ronde<br><strong>Lieu :<\/strong> M:tel digitalna fabrika, Relaxation Zone<br><strong>Avec :<\/strong> les futur\u00b7es membres du r\u00e9seau Toolkit of Care<\/p>\n\n\n\n<h3>15:00-19:00<\/h3>\n\n\n\n<p><strong>Pause caf\u00e9 &amp; d\u00eener<\/strong><br>Repas libre<\/p>\n\n\n\n<h3>21:00-23:00<\/h3>\n\n\n\n<p><strong>Reflections &amp; Vibrations<\/strong><br><strong>Format :<\/strong> Concerts<br><strong>Lieu :<\/strong> Pomorand\u017ea DKC<br><strong>Avec :<\/strong> D. Savva, J. Teller, N. Rodousakis, A. Drymonitis, D. Kousteridou, A. Kattou &amp; A. Melandinou<\/p>\n\n\n\n<h3>23:00<\/h3>\n\n\n\n<p><strong>DJ Set &amp; Party<\/strong><br><strong>Lieu :<\/strong> Pomorand\u017ea DKC<\/p>\n\n\n\n<hr class=\"wp-block-separator\"\/>\n\n\n\n<h2>\u00c0 propos de Toolkit of Care<\/h2>\n\n\n\n<p>La <strong>Toolkit of Care Conference<\/strong> est organis\u00e9e dans le cadre de <strong>l\u2019Action COST CA21102 Toolkit of Care<\/strong>, soutenue par <strong>COST, European Cooperation in Science and Technology<\/strong>.<\/p>\n\n\n\n<p>Le projet travaille \u00e0 la mise en place d\u2019un r\u00e9seau critique du care dans les arts cr\u00e9atifs, en partageant connaissances, exp\u00e9riences et pratiques entre diff\u00e9rents contextes, r\u00e9gions et groupes sociaux.<\/p>\n\n\n\n<p><strong>Plus d\u2019informations :<\/strong> <a href=\"http:\/\/www.toolkitof.care\" target=\"_blank\" rel=\"noreferrer noopener\">www.toolkitof.care<\/a><\/p>\n","protected":false},"excerpt":{"rendered":"<p>3-5 septembre 2026, Podgorica, Mont\u00e9n\u00e9gro APO33 participe \u00e0 la conf\u00e9rence-festival Toolkit of Care Conference : Vectors of Care in Experimental Arts, qui se tiendra \u00e0<a class=\"moretag\" href=\"https:\/\/apo33.org\/?p=13595\"> <span class=\"dashicons dashicons-plus\"><\/span><span class=\"dashicons dashicons-plus\"><\/span> <\/a><\/p>\n","protected":false},"author":1,"featured_media":13596,"comment_status":"closed","ping_status":"open","sticky":false,"template":"","format":"standard","meta":{"_links_to":"","_links_to_target":""},"categories":[2328,8,2263,3744,3317,101],"tags":[3860,82,325,3887,519,4025],"_links":{"self":[{"href":"https:\/\/apo33.org\/index.php?rest_route=\/wp\/v2\/posts\/13595"}],"collection":[{"href":"https:\/\/apo33.org\/index.php?rest_route=\/wp\/v2\/posts"}],"about":[{"href":"https:\/\/apo33.org\/index.php?rest_route=\/wp\/v2\/types\/post"}],"author":[{"embeddable":true,"href":"https:\/\/apo33.org\/index.php?rest_route=\/wp\/v2\/users\/1"}],"replies":[{"embeddable":true,"href":"https:\/\/apo33.org\/index.php?rest_route=%2Fwp%2Fv2%2Fcomments&post=13595"}],"version-history":[{"count":1,"href":"https:\/\/apo33.org\/index.php?rest_route=\/wp\/v2\/posts\/13595\/revisions"}],"predecessor-version":[{"id":13597,"href":"https:\/\/apo33.org\/index.php?rest_route=\/wp\/v2\/posts\/13595\/revisions\/13597"}],"wp:featuredmedia":[{"embeddable":true,"href":"https:\/\/apo33.org\/index.php?rest_route=\/wp\/v2\/media\/13596"}],"wp:attachment":[{"href":"https:\/\/apo33.org\/index.php?rest_route=%2Fwp%2Fv2%2Fmedia&parent=13595"}],"wp:term":[{"taxonomy":"category","embeddable":true,"href":"https:\/\/apo33.org\/index.php?rest_route=%2Fwp%2Fv2%2Fcategories&post=13595"},{"taxonomy":"post_tag","embeddable":true,"href":"https:\/\/apo33.org\/index.php?rest_route=%2Fwp%2Fv2%2Ftags&post=13595"}],"curies":[{"name":"wp","href":"https:\/\/api.w.org\/{rel}","templated":true}]}}