{"id":12899,"date":"2026-05-10T23:34:00","date_gmt":"2026-05-10T21:34:00","guid":{"rendered":"https:\/\/apo33.org\/?p=12899"},"modified":"2026-04-03T09:58:21","modified_gmt":"2026-04-03T07:58:21","slug":"exposition-collective-cartographie-sensible","status":"publish","type":"post","link":"https:\/\/apo33.org\/?p=12899","title":{"rendered":"Exposition Collective : cartographie sensible"},"content":{"rendered":"\n<p><strong>Cartographie Sensible \u2014 Une exposition collective au c\u0153ur du vivant<\/strong><\/p>\n\n\n\n<p><em>Du 11 avril au 10 mai 2026 \u2014 Vernissage jeudi 9 avril \u00e0 18h30<\/em><\/p>\n\n\n\n<p><strong>Vernissage<\/strong> : jeudi 9 avril 2026 \u00e0 18h30<\/p>\n\n\n\n<hr class=\"wp-block-separator\"\/>\n\n\n\n<p>La cartographie, on l&#8217;imagine souvent pr\u00e9cise, objective, technique. Des lignes, des coordonn\u00e9es, des distances.<\/p>\n\n\n\n<p><strong>Cartographie Sensible<\/strong> part d&#8217;une autre id\u00e9e : et si la carte pouvait aussi accueillir ce qu&#8217;on ressent ? Les sons d&#8217;une cour d&#8217;\u00e9cole, la texture d&#8217;un sol \u00e9tranger, la couleur d&#8217;un paysage qui nous traverse. Cartographier non pas pour d\u00e9limiter, mais pour habiter \u2014 autrement, ensemble, avec ses sens.<\/p>\n\n\n\n<p>C&#8217;est ce fil que partagent les trois \u0153uvres de cette exposition : des enfants qui \u00e9coutent leur quartier, des \u00e9tudiant\u00b7es qui dessinent avec du feutre et du son un territoire d\u00e9couvert \u00e0 Chypre, un artiste qui filme le paysage comme on \u00e9crit une m\u00e9moire. Trois approches, trois g\u00e9n\u00e9rations, trois g\u00e9ographies \u2014 reli\u00e9es par une m\u00eame conviction : que le monde se comprend aussi en le traversant, en l&#8217;\u00e9coutant, en l&#8217;exp\u00e9rimentant.<\/p>\n\n\n\n<hr class=\"wp-block-separator\"\/>\n\n\n\n<p><strong>Des voix d&#8217;enfants, des sons, des images<\/strong><\/p>\n\n\n\n<p>Cinq classes de l&#8217;\u00e9cole primaire du Boccage, du CP au CM2, ont chacune cr\u00e9\u00e9 une pi\u00e8ce pour dire leur rapport \u00e0 l&#8217;espace, au quartier, au vivant. Cinq regards, cinq exp\u00e9riences du monde.<\/p>\n\n\n\n<p><strong>Le Felt Sound, entre Nantes et Chypre<\/strong><\/p>\n\n\n\n<p>Des \u00e9tudiant\u00b7es de l&#8217;\u00c9cole nationale sup\u00e9rieure d&#8217;architecture de Nantes ont d\u00e9velopp\u00e9 collectivement une d\u00e9marche originale autour du <em>Felt Sound<\/em> \u2014 une pratique qui m\u00eale le feutre, le son et la cartographie \u2014 lors d&#8217;une r\u00e9sidence \u00e0 Chypre. L&#8217;\u0153uvre qui en r\u00e9sulte interroge la fa\u00e7on dont un groupe peut habiter et transcrire un territoire inconnu.<\/p>\n\n\n\n<p><strong>Les paysages de Ricardo Martinez<\/strong><\/p>\n\n\n\n<p>L&#8217;artiste nanto-cubain Riccardo Martinez pr\u00e9sente une \u0153uvre vid\u00e9o autour du paysage, entre m\u00e9moire, identit\u00e9 et territoire. Un regard qui traverse les g\u00e9ographies et les cultures par l&#8217;exp\u00e9rimentation sensible.<\/p>\n\n\n\n<hr class=\"wp-block-separator\"\/>\n\n\n\n<p> <strong>Exposition<\/strong> : du 11 avril au 10 mai 2026 <br><strong>Visites<\/strong> : samedis et dimanches de 14h30 \u00e0 18h30 <br><strong>Entr\u00e9e libre<\/strong> &#8211; 4 boulevard L\u00e9on Bureau 44000 Nantes<\/p>\n\n\n\n<p><\/p>\n\n\n\n<p><em>Avec le soutien de la Ville de Nantes \u2014 dans le cadre des EAC 2025-2026<\/em><\/p>\n","protected":false},"excerpt":{"rendered":"<p>Cartographie Sensible \u2014 Une exposition collective au c\u0153ur du vivant Du 11 avril au 10 mai 2026 \u2014 Vernissage jeudi 9 avril \u00e0 18h30 Vernissage<a class=\"moretag\" href=\"https:\/\/apo33.org\/?p=12899\"> <span class=\"dashicons dashicons-plus\"><\/span><span class=\"dashicons dashicons-plus\"><\/span> <\/a><\/p>\n","protected":false},"author":1,"featured_media":12900,"comment_status":"closed","ping_status":"open","sticky":false,"template":"","format":"standard","meta":{"_links_to":"","_links_to_target":""},"categories":[11],"tags":[82,642,3979,3977,669],"_links":{"self":[{"href":"https:\/\/apo33.org\/index.php?rest_route=\/wp\/v2\/posts\/12899"}],"collection":[{"href":"https:\/\/apo33.org\/index.php?rest_route=\/wp\/v2\/posts"}],"about":[{"href":"https:\/\/apo33.org\/index.php?rest_route=\/wp\/v2\/types\/post"}],"author":[{"embeddable":true,"href":"https:\/\/apo33.org\/index.php?rest_route=\/wp\/v2\/users\/1"}],"replies":[{"embeddable":true,"href":"https:\/\/apo33.org\/index.php?rest_route=%2Fwp%2Fv2%2Fcomments&post=12899"}],"version-history":[{"count":2,"href":"https:\/\/apo33.org\/index.php?rest_route=\/wp\/v2\/posts\/12899\/revisions"}],"predecessor-version":[{"id":13014,"href":"https:\/\/apo33.org\/index.php?rest_route=\/wp\/v2\/posts\/12899\/revisions\/13014"}],"wp:featuredmedia":[{"embeddable":true,"href":"https:\/\/apo33.org\/index.php?rest_route=\/wp\/v2\/media\/12900"}],"wp:attachment":[{"href":"https:\/\/apo33.org\/index.php?rest_route=%2Fwp%2Fv2%2Fmedia&parent=12899"}],"wp:term":[{"taxonomy":"category","embeddable":true,"href":"https:\/\/apo33.org\/index.php?rest_route=%2Fwp%2Fv2%2Fcategories&post=12899"},{"taxonomy":"post_tag","embeddable":true,"href":"https:\/\/apo33.org\/index.php?rest_route=%2Fwp%2Fv2%2Ftags&post=12899"}],"curies":[{"name":"wp","href":"https:\/\/api.w.org\/{rel}","templated":true}]}}