{"id":11674,"date":"2025-01-14T19:53:00","date_gmt":"2025-01-14T18:53:00","guid":{"rendered":"https:\/\/apo33.org\/?p=11674"},"modified":"2025-01-04T21:19:52","modified_gmt":"2025-01-04T20:19:52","slug":"du-14-janvier-au-6-fevier-2025-residence-archisonie-les-echos-de-la-terre","status":"publish","type":"post","link":"https:\/\/apo33.org\/?p=11674","title":{"rendered":"Du 14 janvier au 6 f\u00e9vier 2025 &#8211; r\u00e9sidence Archisonie : les \u00e9chos de la terre"},"content":{"rendered":"\n<h3><strong>Groupe de recherche Archisonie<\/strong><\/h3>\n\n\n\n<p>Depuis plusieurs ann\u00e9es, <strong>Apo33<\/strong> propose le <strong>Groupe de recherche Archisonie<\/strong>, un espace de r\u00e9flexion et de cr\u00e9ation d\u00e9di\u00e9 \u00e0 l\u2019exploration des relations entre le son, l\u2019architecture et les espaces d\u2019exposition de l\u2019art contemporain.<\/p>\n\n\n\n<p>L&#8217;Archisonie interroge la mani\u00e8re dont le son dialogue avec les structures architecturales, modifie la perception des lieux et red\u00e9finit les usages des espaces artistiques. Cette recherche collective s\u2019articule autour de trois axes principaux :<\/p>\n\n\n\n<ol><li><strong>Le son comme mati\u00e8re architecturale<\/strong> : Exp\u00e9rimenter comment le son peut \u00eatre utilis\u00e9 pour sculpter des espaces, r\u00e9v\u00e9ler leurs dimensions cach\u00e9es ou interagir avec leurs caract\u00e9ristiques physiques et symboliques.<\/li><li><strong>L&#8217;acoustique des espaces d\u2019exposition<\/strong> : \u00c9tudier la mani\u00e8re dont les environnements sonores influencent la r\u00e9ception des \u0153uvres contemporaines, qu\u2019elles soient visuelles, interactives ou performatives.<\/li><li><strong>Les pratiques in situ<\/strong> : D\u00e9velopper des interventions artistiques et sonores sp\u00e9cifiques \u00e0 des lieux, en prenant en compte leur histoire, leur design et leur usage actuel.<\/li><\/ol>\n\n\n\n<p>Le Groupe Archisonie invite artistes, architectes, musiciens, commissaires et chercheurs \u00e0 travailler ensemble pour r\u00e9inventer les usages du son dans le contexte de l&#8217;art contemporain. \u00c0 travers des ateliers, r\u00e9sidences, performances et installations, cette initiative repousse les fronti\u00e8res entre disciplines, faisant du son un acteur central dans la construction de nouvelles exp\u00e9riences spatiales et esth\u00e9tiques.<\/p>\n\n\n\n<p><strong>Archisonie<\/strong> est ainsi une d\u00e9marche ouverte et exp\u00e9rimentale qui renouvelle les approches des espaces culturels en pla\u00e7ant le son au c\u0153ur des interactions entre l&#8217;art, l&#8217;architecture et le public.<\/p>\n\n\n\n<p>R\u00e9sidence en deux \u00e9tapes :<\/p>\n\n\n\n<p><strong>-Recherche \u00e0 ApoLab<\/strong> &#8211; du 14 au 31 janvier 2025<br><strong>-Mise en espace et processus d&#8217;exposition collaborative<\/strong> &#8211; du 2 au 6 f\u00e9vier 2025<\/p>\n\n\n\n<p>Invit\u00e9s du groupe Archisonie en cours de s\u00e9lection<\/p>\n\n\n\n<figure class=\"wp-block-embed is-type-video is-provider-youtube wp-block-embed-youtube wp-embed-aspect-16-9 wp-has-aspect-ratio\"><div class=\"wp-block-embed__wrapper\">\n<iframe title=\"Sand On sand - video installation - film20\" width=\"640\" height=\"360\" src=\"https:\/\/www.youtube.com\/embed\/DSS3uSSlMk4?feature=oembed\" frameborder=\"0\" allow=\"accelerometer; autoplay; clipboard-write; encrypted-media; gyroscope; picture-in-picture; web-share\" referrerpolicy=\"strict-origin-when-cross-origin\" allowfullscreen><\/iframe>\n<\/div><\/figure>\n","protected":false},"excerpt":{"rendered":"<p>Groupe de recherche Archisonie Depuis plusieurs ann\u00e9es, Apo33 propose le Groupe de recherche Archisonie, un espace de r\u00e9flexion et de cr\u00e9ation d\u00e9di\u00e9 \u00e0 l\u2019exploration des<a class=\"moretag\" href=\"https:\/\/apo33.org\/?p=11674\"> <span class=\"dashicons dashicons-plus\"><\/span><span class=\"dashicons dashicons-plus\"><\/span> <\/a><\/p>\n","protected":false},"author":1,"featured_media":11675,"comment_status":"closed","ping_status":"open","sticky":false,"template":"","format":"standard","meta":{"_links_to":"","_links_to_target":""},"categories":[2328,9,8],"tags":[3805,600],"_links":{"self":[{"href":"https:\/\/apo33.org\/index.php?rest_route=\/wp\/v2\/posts\/11674"}],"collection":[{"href":"https:\/\/apo33.org\/index.php?rest_route=\/wp\/v2\/posts"}],"about":[{"href":"https:\/\/apo33.org\/index.php?rest_route=\/wp\/v2\/types\/post"}],"author":[{"embeddable":true,"href":"https:\/\/apo33.org\/index.php?rest_route=\/wp\/v2\/users\/1"}],"replies":[{"embeddable":true,"href":"https:\/\/apo33.org\/index.php?rest_route=%2Fwp%2Fv2%2Fcomments&post=11674"}],"version-history":[{"count":3,"href":"https:\/\/apo33.org\/index.php?rest_route=\/wp\/v2\/posts\/11674\/revisions"}],"predecessor-version":[{"id":11680,"href":"https:\/\/apo33.org\/index.php?rest_route=\/wp\/v2\/posts\/11674\/revisions\/11680"}],"wp:featuredmedia":[{"embeddable":true,"href":"https:\/\/apo33.org\/index.php?rest_route=\/wp\/v2\/media\/11675"}],"wp:attachment":[{"href":"https:\/\/apo33.org\/index.php?rest_route=%2Fwp%2Fv2%2Fmedia&parent=11674"}],"wp:term":[{"taxonomy":"category","embeddable":true,"href":"https:\/\/apo33.org\/index.php?rest_route=%2Fwp%2Fv2%2Fcategories&post=11674"},{"taxonomy":"post_tag","embeddable":true,"href":"https:\/\/apo33.org\/index.php?rest_route=%2Fwp%2Fv2%2Ftags&post=11674"}],"curies":[{"name":"wp","href":"https:\/\/api.w.org\/{rel}","templated":true}]}}